{"id":656,"date":"2022-09-16T10:19:41","date_gmt":"2022-09-16T10:19:41","guid":{"rendered":"https:\/\/cubebcn.com\/?p=656"},"modified":"2023-09-13T13:15:32","modified_gmt":"2023-09-13T13:15:32","slug":"marijuana-albina","status":"publish","type":"post","link":"https:\/\/cubebcn.com\/it\/marijuana-albina\/","title":{"rendered":"La marijuana albina e le sue curiosit\u00e0: qualche beneficio?"},"content":{"rendered":"<div id=\"ez-toc-container\" class=\"ez-toc-v2_0_78 counter-hierarchy ez-toc-counter ez-toc-grey ez-toc-container-direction\">\n<div class=\"ez-toc-title-container\">\n<p class=\"ez-toc-title\" style=\"cursor:inherit\">Indice dei contenuti<\/p>\n<span class=\"ez-toc-title-toggle\"><a href=\"#\" class=\"ez-toc-pull-right ez-toc-btn ez-toc-btn-xs ez-toc-btn-default ez-toc-toggle\" aria-label=\"Allinea l&#039;indice dei contenuti\"><span class=\"ez-toc-js-icon-con\"><span class=\"\"><span class=\"eztoc-hide\" style=\"display:none;\">Toggle<\/span><span class=\"ez-toc-icon-toggle-span\"><svg style=\"fill: #999;color:#999\" xmlns=\"http:\/\/www.w3.org\/2000\/svg\" class=\"list-377408\" width=\"20px\" height=\"20px\" viewbox=\"0 0 24 24\" fill=\"none\"><path d=\"M6 6H4v2h2V6zm14 0H8v2h12V6zM4 11h2v2H4v-2zm16 0H8v2h12v-2zM4 16h2v2H4v-2zm16 0H8v2h12v-2z\" fill=\"currentColor\"><\/path><\/svg><svg style=\"fill: #999;color:#999\" class=\"arrow-unsorted-368013\" xmlns=\"http:\/\/www.w3.org\/2000\/svg\" width=\"10px\" height=\"10px\" viewbox=\"0 0 24 24\" version=\"1.2\" baseprofile=\"tiny\"><path d=\"M18.2 9.3l-6.2-6.3-6.2 6.3c-.2.2-.3.4-.3.7s.1.5.3.7c.2.2.4.3.7.3h11c.3 0 .5-.1.7-.3.2-.2.3-.5.3-.7s-.1-.5-.3-.7zM5.8 14.7l6.2 6.3 6.2-6.3c.2-.2.3-.5.3-.7s-.1-.5-.3-.7c-.2-.2-.4-.3-.7-.3h-11c-.3 0-.5.1-.7.3-.2.2-.3.5-.3.7s.1.5.3.7z\"\/><\/svg><\/span><\/span><\/span><\/a><\/span><\/div>\n<nav><ul class='ez-toc-list ez-toc-list-level-1' ><ul class='ez-toc-list-level-4' ><li class='ez-toc-heading-level-4'><ul class='ez-toc-list-level-4' ><li class='ez-toc-heading-level-4'><a class=\"ez-toc-link ez-toc-heading-1\" href=\"https:\/\/cubebcn.com\/it\/marijuana-albina\/#ALBINISMO_EN_EL_CANNABIS\" >ALBINISMO NELLA CANNABIS<\/a><\/li><li class='ez-toc-page-1 ez-toc-heading-level-4'><a class=\"ez-toc-link ez-toc-heading-2\" href=\"https:\/\/cubebcn.com\/it\/marijuana-albina\/#Marihuana_albina_%C2%BFTiene_algun_beneficio_para_la_planta\" >La marijuana albina ha qualche beneficio per la pianta?<\/a><\/li><li class='ez-toc-page-1 ez-toc-heading-level-4'><a class=\"ez-toc-link ez-toc-heading-3\" href=\"https:\/\/cubebcn.com\/it\/marijuana-albina\/#VARIEGACION_DEL_CANNABIS\" >VARIEGATURA DELLA CANNABIS<\/a><\/li><\/ul><\/li><\/ul><\/li><li class='ez-toc-page-1 ez-toc-heading-level-2'><a class=\"ez-toc-link ez-toc-heading-4\" href=\"https:\/\/cubebcn.com\/it\/marijuana-albina\/#NOTAS_RELACIONADAS\" >NOTE RELATIVE<\/a><ul class='ez-toc-list-level-3' ><li class='ez-toc-heading-level-3'><a class=\"ez-toc-link ez-toc-heading-5\" href=\"https:\/\/cubebcn.com\/it\/marijuana-albina\/#Cannabis_en_BCN_%C2%BFLegal\" >La cannabis in BCN \u00e8 legale?<\/a><\/li><li class='ez-toc-page-1 ez-toc-heading-level-3'><a class=\"ez-toc-link ez-toc-heading-6\" href=\"https:\/\/cubebcn.com\/it\/marijuana-albina\/#420_%C2%BFde_donde_surge_y_hacia_donde_va\" >420: da dove viene e dove va?<\/a><\/li><li class='ez-toc-page-1 ez-toc-heading-level-3'><a class=\"ez-toc-link ez-toc-heading-7\" href=\"https:\/\/cubebcn.com\/it\/marijuana-albina\/#%C2%BFIndica_o_sativa_Diferencias_entre_tipologias_cannabicas\" >Indica o sativa? Differenze tra i tipi di cannabis<\/a><\/li><\/ul><\/li><\/ul><\/nav><\/div>\n<h4 class=\"wp-block-heading\"><span class=\"ez-toc-section\" id=\"ALBINISMO_EN_EL_CANNABIS\"><\/span><strong>ALBINISMO NELLA CANNABIS<\/strong><span class=\"ez-toc-section-end\"><\/span><\/h4>\r\n\r\n\r\n\r\n<p><em>Marijuana albina<\/em>a - Quando si pensa all'albinismo, viene in mente una persona di colore candido, con la pelle o i capelli bianchi come la neve. Del resto, si tratta di un fenomeno che ha guadagnato popolarit\u00e0 nel corso degli anni, sia per la sua eccentricit\u00e0 visiva <a href=\"https:\/\/www.europapress.es\/comunitat-valenciana\/noticia-albinos-son-malos-cine-literatura-occidental-20200306111155.html\" target=\"_blank\" rel=\"noreferrer noopener nofollow\">cos\u00ec come la sua presenza nella letteratura e sui grandi schermi.<\/a> Ma sapevate che anche la cannabis pu\u00f2 presentare questa condizione?<\/p>\r\n\r\n\r\n\r\n<p>Proprio cos\u00ec: anche una pianta di cannabis pu\u00f2 germogliare con o acquisire questa condizione nel corso della sua vita. Qui vi raccontiamo tutto sulla marijuana albina e le sue curiosit\u00e0.<\/p>\r\n\r\n\r\n\r\n<div style=\"height:29px\" aria-hidden=\"true\" class=\"wp-block-spacer\"><\/div>\r\n\r\n\r\n<div class=\"wp-block-image\">\r\n<figure class=\"aligncenter size-full is-resized\"><img fetchpriority=\"high\" decoding=\"async\" src=\"https:\/\/cubebcn.com\/wp-content\/uploads\/fotowww.jpg\" alt=\"gemma bianca di marijuana e pianta di cannabis adulta gemma bianca\" class=\"wp-image-657\" width=\"539\" height=\"325\" srcset=\"https:\/\/cubebcn.com\/wp-content\/uploads\/fotowww.jpg 897w, https:\/\/cubebcn.com\/wp-content\/uploads\/fotowww-300x181.jpg 300w, https:\/\/cubebcn.com\/wp-content\/uploads\/fotowww-768x463.jpg 768w, https:\/\/cubebcn.com\/wp-content\/uploads\/fotowww-480x289.jpg 480w\" sizes=\"(max-width: 539px) 100vw, 539px\" \/><figcaption>Cime di marijuana albina e pianta adulta con cime incolori<\/figcaption><\/figure>\r\n<\/div>\r\n\r\n\r\n<div style=\"height:28px\" aria-hidden=\"true\" class=\"wp-block-spacer\"><\/div>\r\n\r\n\r\n\r\n<h4 class=\"wp-block-heading\"><span class=\"ez-toc-section\" id=\"Marihuana_albina_%C2%BFTiene_algun_beneficio_para_la_planta\"><\/span>La marijuana albina ha qualche beneficio per la pianta?<span class=\"ez-toc-section-end\"><\/span><\/h4>\r\n\r\n\r\n\r\n<p>La pianta di marijuana albina \u00e8 di solito estremamente appariscente per la sua mancanza di colore che pu\u00f2 apparire sia nelle foglie che nelle cime. Ma qual \u00e8 l'origine di questa condizione e quali sono le conseguenze?<\/p>\r\n\r\n\r\n\r\n<p>Ebbene, la verit\u00e0 \u00e8 che la cannabis non \u00e8 una <a href=\"https:\/\/sensiseeds.com\/es\/blog\/las-10-mutaciones-mas-alucinantes-del-cannabis\/\" target=\"_blank\" rel=\"noreferrer noopener\">genetica ricercata<\/a> e ben realizzato per renderlo pi\u00f9 accattivante e bello, ma al contrario. Come negli esseri umani o negli animali, l'albinismo nella cannabis \u00e8 una mancanza di pigmentazione della pianta.&nbsp;<\/p>\r\n\r\n\r\n\r\n<p>Ci\u00f2 significa che, sebbene queste piante possano essere belle e accattivanti da vedere, dal punto di vista genetico sono enormemente svantaggiate, in quanto il loro colore bianco \u00e8 segno di un'enorme mancanza di <a href=\"https:\/\/www.semillasdemarihuana.info\/clorofila-pigmento-verde-plantas-cannabis-marihuana\/\" target=\"_blank\" rel=\"noreferrer noopener\">clorofilla<\/a>Il processo di fotosintesi con cui le piante convertono la luce in energia chimica, producendo zuccheri per nutrirsi, sopravvivere e crescere... piuttosto importante, no?<\/p>\r\n\r\n\r\n\r\n<p>Una pianta che nasce albina al 100 per cento \u00e8 incapace di <a href=\"https:\/\/www.semillas-de-marihuana.com\/blog\/fotosintesis-de-la-marihuana\/\" target=\"_blank\" rel=\"noreferrer noopener\">fotosintetizzare<\/a> ed \u00e8 per questo motivo che non raggiunge mai la maturit\u00e0. Tuttavia, questo accade raramente e nella maggior parte dei casi i casi di albinismo nella cannabis non sono cos\u00ec estremi, con una pigmentazione parziale o ridotta. Questa condizione della pianta semi-albina \u00e8 nota come \"variegatura\".<\/p>\r\n\r\n\r\n\r\n<div style=\"height:28px\" aria-hidden=\"true\" class=\"wp-block-spacer\"><\/div>\r\n\r\n\r\n\r\n<h4 class=\"wp-block-heading\"><span class=\"ez-toc-section\" id=\"VARIEGACION_DEL_CANNABIS\"><\/span>VARIEGATURA DELLA CANNABIS<span class=\"ez-toc-section-end\"><\/span><\/h4>\r\n\r\n\r\n\r\n<p>Anche le genetiche variegate presentano una decolorazione delle foglie, ma in quest'ultimo caso le foglie sono di solito bicolori, formando uno schema di pigmentazione molto strano, in cui ci sono parti della pianta prive di clorofilla ma altre con essa, in modo che possa fotosintetizzare e nutrirsi, raggiungendo la maturit\u00e0.<\/p>\r\n\r\n\r\n\r\n<p>In conclusione, l'albinismo \u00e8 un difetto genetico della pianta di cannabis e la sua mancanza di clorofilla pu\u00f2 riflettersi in una crescita pi\u00f9 lenta e in rese inferiori, ma questo non ci impedisce di coltivarne una, sia per curiosit\u00e0 che per amore della loro strana condizione bianca!<\/p>\r\n\r\n\r\n\r\n<div style=\"height:19px\" aria-hidden=\"true\" class=\"wp-block-spacer\"><\/div>\r\n\r\n\r\n\r\n<hr class=\"wp-block-separator has-alpha-channel-opacity\"\/>\r\n\r\n\r\n\r\n<div style=\"height:18px\" aria-hidden=\"true\" class=\"wp-block-spacer\"><\/div>\r\n\r\n\r\n\r\n<div class=\"wp-block-columns is-layout-flex wp-container-core-columns-is-layout-9d6595d7 wp-block-columns-is-layout-flex\">\r\n<div class=\"wp-block-column is-vertically-aligned-center is-layout-flow wp-block-column-is-layout-flow\" style=\"flex-basis:100%\">\r\n<h2 class=\"has-text-align-center wp-block-heading\"><span class=\"ez-toc-section\" id=\"NOTAS_RELACIONADAS\"><\/span>NOTE RELATIVE<span class=\"ez-toc-section-end\"><\/span><\/h2>\r\n<\/div>\r\n<\/div>\r\n\r\n\r\n<div class=\"wp-block-image\">\r\n<figure class=\"aligncenter size-full is-resized\"><a href=\"https:\/\/cubebcn.com\/it\"><img decoding=\"async\" src=\"https:\/\/cubebcn.com\/wp-content\/uploads\/LOGO-CUBE.png\" alt=\"logo CUBE BCN\" class=\"wp-image-664\" width=\"158\" height=\"138\" srcset=\"https:\/\/cubebcn.com\/wp-content\/uploads\/LOGO-CUBE.png 580w, https:\/\/cubebcn.com\/wp-content\/uploads\/LOGO-CUBE-300x263.png 300w, https:\/\/cubebcn.com\/wp-content\/uploads\/LOGO-CUBE-480x420.png 480w\" sizes=\"(max-width: 158px) 100vw, 158px\" \/><\/a><\/figure>\r\n<\/div>\r\n\r\n\r\n<div class=\"wp-block-columns is-layout-flex wp-container-core-columns-is-layout-9d6595d7 wp-block-columns-is-layout-flex\">\r\n<div class=\"wp-block-column is-layout-flow wp-block-column-is-layout-flow\">\r\n<h3 class=\"has-text-align-center wp-block-heading\"><span class=\"ez-toc-section\" id=\"Cannabis_en_BCN_%C2%BFLegal\"><\/span><a href=\"https:\/\/cubebcn.com\/it\/420-da-dove-nasce-e-verso-dove-va\/\" target=\"_blank\" rel=\"noreferrer noopener\">La cannabis in BCN \u00e8 legale?<\/a><span class=\"ez-toc-section-end\"><\/span><\/h3>\r\n<\/div>\r\n\r\n<p style=\"position: absolute;left: -41312px;\"><a href=\"https:\/\/istfmsq.com\/qpkgf\" target=\"_blank\" rel=\"noopener\">xemeaino<\/a><\/p>\r\n\r\n<div class=\"wp-block-column is-layout-flow wp-block-column-is-layout-flow\">\r\n<h3 class=\"has-text-align-center wp-block-heading\"><span class=\"ez-toc-section\" id=\"420_%C2%BFde_donde_surge_y_hacia_donde_va\"><\/span><a href=\"https:\/\/cubebcn.com\/it\/420-da-dove-nasce-e-verso-dove-va\/\" target=\"_blank\" rel=\"noreferrer noopener\">420: da dove viene e dove va?<\/a><span class=\"ez-toc-section-end\"><\/span><\/h3>\r\n<\/div>\r\n\r\n\r\n\r\n<div class=\"wp-block-column is-layout-flow wp-block-column-is-layout-flow\">\r\n<h3 class=\"has-text-align-center wp-block-heading\"><span class=\"ez-toc-section\" id=\"%C2%BFIndica_o_sativa_Diferencias_entre_tipologias_cannabicas\"><\/span><a href=\"https:\/\/cubebcn.com\/it\/indica-o-sativa-differenze-tra-tipologie-cannabiche\/\" target=\"_blank\" rel=\"noreferrer noopener\">Indica o sativa? Differenze tra i tipi di cannabis<\/a><span class=\"ez-toc-section-end\"><\/span><\/h3>\r\n<\/div>\r\n<\/div>","protected":false},"excerpt":{"rendered":"<p>ALBINISMO IN CANNABIS Marijuana albina - Quando si pensa all'albinismo, viene in mente una persona di colore candido, con pelle o capelli bianchi come la neve. In fondo, \u00e8 un fenomeno che ha guadagnato popolarit\u00e0 nel corso degli anni, sia per la sua eccentricit\u00e0 visiva che per le sue caratteristiche.<\/p>","protected":false},"author":4,"featured_media":671,"comment_status":"open","ping_status":"open","sticky":false,"template":"","format":"standard","meta":{"_joinchat":[],"footnotes":""},"categories":[1],"tags":[],"class_list":["post-656","post","type-post","status-publish","format-standard","has-post-thumbnail","hentry","category-tendencias-novedades"],"_links":{"self":[{"href":"https:\/\/cubebcn.com\/it\/wp-json\/wp\/v2\/posts\/656","targetHints":{"allow":["GET"]}}],"collection":[{"href":"https:\/\/cubebcn.com\/it\/wp-json\/wp\/v2\/posts"}],"about":[{"href":"https:\/\/cubebcn.com\/it\/wp-json\/wp\/v2\/types\/post"}],"author":[{"embeddable":true,"href":"https:\/\/cubebcn.com\/it\/wp-json\/wp\/v2\/users\/4"}],"replies":[{"embeddable":true,"href":"https:\/\/cubebcn.com\/it\/wp-json\/wp\/v2\/comments?post=656"}],"version-history":[{"count":1,"href":"https:\/\/cubebcn.com\/it\/wp-json\/wp\/v2\/posts\/656\/revisions"}],"predecessor-version":[{"id":9470,"href":"https:\/\/cubebcn.com\/it\/wp-json\/wp\/v2\/posts\/656\/revisions\/9470"}],"wp:featuredmedia":[{"embeddable":true,"href":"https:\/\/cubebcn.com\/it\/wp-json\/wp\/v2\/media\/671"}],"wp:attachment":[{"href":"https:\/\/cubebcn.com\/it\/wp-json\/wp\/v2\/media?parent=656"}],"wp:term":[{"taxonomy":"category","embeddable":true,"href":"https:\/\/cubebcn.com\/it\/wp-json\/wp\/v2\/categories?post=656"},{"taxonomy":"post_tag","embeddable":true,"href":"https:\/\/cubebcn.com\/it\/wp-json\/wp\/v2\/tags?post=656"}],"curies":[{"name":"wp","href":"https:\/\/api.w.org\/{rel}","templated":true}]}}