{"id":656,"date":"2022-09-16T10:19:41","date_gmt":"2022-09-16T10:19:41","guid":{"rendered":"https:\/\/cubebcn.com\/?p=656"},"modified":"2023-09-13T13:15:32","modified_gmt":"2023-09-13T13:15:32","slug":"marijuana-albina","status":"publish","type":"post","link":"https:\/\/cubebcn.com\/fr\/marijuana-albina\/","title":{"rendered":"La marijuana albinos et ses curiosit\u00e9s - des avantages ?"},"content":{"rendered":"<div id=\"ez-toc-container\" class=\"ez-toc-v2_0_78 counter-hierarchy ez-toc-counter ez-toc-grey ez-toc-container-direction\">\n<div class=\"ez-toc-title-container\">\n<p class=\"ez-toc-title\" style=\"cursor:inherit\">Table des mati\u00e8res<\/p>\n<span class=\"ez-toc-title-toggle\"><a href=\"#\" class=\"ez-toc-pull-right ez-toc-btn ez-toc-btn-xs ez-toc-btn-default ez-toc-toggle\" aria-label=\"Table des mati\u00e8res\"><span class=\"ez-toc-js-icon-con\"><span class=\"\"><span class=\"eztoc-hide\" style=\"display:none;\">Toggle<\/span><span class=\"ez-toc-icon-toggle-span\"><svg style=\"fill: #999;color:#999\" xmlns=\"http:\/\/www.w3.org\/2000\/svg\" class=\"list-377408\" width=\"20px\" height=\"20px\" viewbox=\"0 0 24 24\" fill=\"none\"><path d=\"M6 6H4v2h2V6zm14 0H8v2h12V6zM4 11h2v2H4v-2zm16 0H8v2h12v-2zM4 16h2v2H4v-2zm16 0H8v2h12v-2z\" fill=\"currentColor\"><\/path><\/svg><svg style=\"fill: #999;color:#999\" class=\"arrow-unsorted-368013\" xmlns=\"http:\/\/www.w3.org\/2000\/svg\" width=\"10px\" height=\"10px\" viewbox=\"0 0 24 24\" version=\"1.2\" baseprofile=\"tiny\"><path d=\"M18.2 9.3l-6.2-6.3-6.2 6.3c-.2.2-.3.4-.3.7s.1.5.3.7c.2.2.4.3.7.3h11c.3 0 .5-.1.7-.3.2-.2.3-.5.3-.7s-.1-.5-.3-.7zM5.8 14.7l6.2 6.3 6.2-6.3c.2-.2.3-.5.3-.7s-.1-.5-.3-.7c-.2-.2-.4-.3-.7-.3h-11c-.3 0-.5.1-.7.3-.2.2-.3.5-.3.7s.1.5.3.7z\"\/><\/svg><\/span><\/span><\/span><\/a><\/span><\/div>\n<nav><ul class='ez-toc-list ez-toc-list-level-1' ><ul class='ez-toc-list-level-4' ><li class='ez-toc-heading-level-4'><ul class='ez-toc-list-level-4' ><li class='ez-toc-heading-level-4'><a class=\"ez-toc-link ez-toc-heading-1\" href=\"https:\/\/cubebcn.com\/fr\/marijuana-albina\/#ALBINISMO_EN_EL_CANNABIS\" >L'ALBINISME DANS LE CANNABIS<\/a><\/li><li class='ez-toc-page-1 ez-toc-heading-level-4'><a class=\"ez-toc-link ez-toc-heading-2\" href=\"https:\/\/cubebcn.com\/fr\/marijuana-albina\/#Marihuana_albina_%C2%BFTiene_algun_beneficio_para_la_planta\" >La marijuana albinos pr\u00e9sente-t-elle des avantages pour la plante ?<\/a><\/li><li class='ez-toc-page-1 ez-toc-heading-level-4'><a class=\"ez-toc-link ez-toc-heading-3\" href=\"https:\/\/cubebcn.com\/fr\/marijuana-albina\/#VARIEGACION_DEL_CANNABIS\" >LA PANACHURE DU CANNABIS<\/a><\/li><\/ul><\/li><\/ul><\/li><li class='ez-toc-page-1 ez-toc-heading-level-2'><a class=\"ez-toc-link ez-toc-heading-4\" href=\"https:\/\/cubebcn.com\/fr\/marijuana-albina\/#NOTAS_RELACIONADAS\" >NOTES RELATIVES<\/a><ul class='ez-toc-list-level-3' ><li class='ez-toc-heading-level-3'><a class=\"ez-toc-link ez-toc-heading-5\" href=\"https:\/\/cubebcn.com\/fr\/marijuana-albina\/#Cannabis_en_BCN_%C2%BFLegal\" >Le cannabis en BCN est-il l\u00e9gal ?<\/a><\/li><li class='ez-toc-page-1 ez-toc-heading-level-3'><a class=\"ez-toc-link ez-toc-heading-6\" href=\"https:\/\/cubebcn.com\/fr\/marijuana-albina\/#420_%C2%BFde_donde_surge_y_hacia_donde_va\" >420 : d'o\u00f9 vient-il et o\u00f9 va-t-il ?<\/a><\/li><li class='ez-toc-page-1 ez-toc-heading-level-3'><a class=\"ez-toc-link ez-toc-heading-7\" href=\"https:\/\/cubebcn.com\/fr\/marijuana-albina\/#%C2%BFIndica_o_sativa_Diferencias_entre_tipologias_cannabicas\" >Indica ou sativa ? Diff\u00e9rences entre les types de cannabis<\/a><\/li><\/ul><\/li><\/ul><\/nav><\/div>\n<h4 class=\"wp-block-heading\"><span class=\"ez-toc-section\" id=\"ALBINISMO_EN_EL_CANNABIS\"><\/span><strong>L'ALBINISME DANS LE CANNABIS<\/strong><span class=\"ez-toc-section-end\"><\/span><\/h4>\r\n\r\n\r\n\r\n<p><em>Marijuana albin<\/em>a - Lorsque l'on \u00e9voque l'albinisme, on pense \u00e0 une personne candidement color\u00e9e, \u00e0 la peau ou aux cheveux blancs comme neige. Il s'agit en effet d'un ph\u00e9nom\u00e8ne qui a gagn\u00e9 en popularit\u00e9 au fil des ans, \u00e0 la fois pour son excentricit\u00e9 visuelle et pour la qualit\u00e9 de son image. <a href=\"https:\/\/www.europapress.es\/comunitat-valenciana\/noticia-albinos-son-malos-cine-literatura-occidental-20200306111155.html\" target=\"_blank\" rel=\"noreferrer noopener nofollow\">ainsi que sa pr\u00e9sence dans la litt\u00e9rature et sur les grands \u00e9crans.<\/a> Mais saviez-vous que le cannabis peut aussi \u00eatre atteint de cette maladie ?<\/p>\r\n\r\n\r\n\r\n<p>Une plante de cannabis peut \u00e9galement germer avec cette condition ou l'acqu\u00e9rir au cours de sa vie. Nous vous expliquons ici tout sur la marijuana albinos et ses curiosit\u00e9s.<\/p>\r\n\r\n\r\n\r\n<div style=\"height:29px\" aria-hidden=\"true\" class=\"wp-block-spacer\"><\/div>\r\n\r\n\r\n<div class=\"wp-block-image\">\r\n<figure class=\"aligncenter size-full is-resized\"><img fetchpriority=\"high\" decoding=\"async\" src=\"https:\/\/cubebcn.com\/wp-content\/uploads\/fotowww.jpg\" alt=\"bourgeon blanc de marijuana et plante de cannabis adulte bourgeon blanc\" class=\"wp-image-657\" width=\"539\" height=\"325\" srcset=\"https:\/\/cubebcn.com\/wp-content\/uploads\/fotowww.jpg 897w, https:\/\/cubebcn.com\/wp-content\/uploads\/fotowww-300x181.jpg 300w, https:\/\/cubebcn.com\/wp-content\/uploads\/fotowww-768x463.jpg 768w, https:\/\/cubebcn.com\/wp-content\/uploads\/fotowww-480x289.jpg 480w\" sizes=\"(max-width: 539px) 100vw, 539px\" \/><figcaption>Bourgeon de marijuana albinos et plante adulte avec des bourgeons incolores<\/figcaption><\/figure>\r\n<\/div>\r\n\r\n\r\n<div style=\"height:28px\" aria-hidden=\"true\" class=\"wp-block-spacer\"><\/div>\r\n\r\n\r\n\r\n<h4 class=\"wp-block-heading\"><span class=\"ez-toc-section\" id=\"Marihuana_albina_%C2%BFTiene_algun_beneficio_para_la_planta\"><\/span>La marijuana albinos pr\u00e9sente-t-elle des avantages pour la plante ?<span class=\"ez-toc-section-end\"><\/span><\/h4>\r\n\r\n\r\n\r\n<p>La plante de marijuana albinos est g\u00e9n\u00e9ralement tr\u00e8s visible en raison de son manque de couleur qui peut appara\u00eetre \u00e0 la fois dans ses feuilles et dans ses bourgeons. Mais quelle est l'origine de cette condition et quelles en sont les cons\u00e9quences ?<\/p>\r\n\r\n\r\n\r\n<p>La v\u00e9rit\u00e9, c'est que le cannabis n'est pas une <a href=\"https:\/\/sensiseeds.com\/es\/blog\/las-10-mutaciones-mas-alucinantes-del-cannabis\/\" target=\"_blank\" rel=\"noreferrer noopener\">g\u00e9n\u00e9tique recherch\u00e9e<\/a> et bien r\u00e9alis\u00e9e pour la rendre plus accrocheuse et plus belle, mais c'est tout le contraire. Comme chez les humains ou les animaux, l'albinisme chez le cannabis est une absence de pigmentation de la plante.&nbsp;<\/p>\r\n\r\n\r\n\r\n<p>Cela signifie que si ces plantes sont belles et attrayantes \u00e0 regarder, elles sont g\u00e9n\u00e9tiquement tr\u00e8s d\u00e9savantag\u00e9es, car leur couleur blanche est le signe d'un manque \u00e9norme d'oxyg\u00e8ne. <a href=\"https:\/\/www.semillasdemarihuana.info\/clorofila-pigmento-verde-plantas-cannabis-marihuana\/\" target=\"_blank\" rel=\"noreferrer noopener\">chlorophylle<\/a>Le processus de photosynth\u00e8se par lequel les plantes convertissent la lumi\u00e8re en \u00e9nergie chimique, en fabriquant des sucres pour se nourrir, survivre et grandir... plut\u00f4t important, non ?<\/p>\r\n\r\n\r\n\r\n<p>Une plante qui na\u00eet 100 % albinos est incapable de <a href=\"https:\/\/www.semillas-de-marihuana.com\/blog\/fotosintesis-de-la-marihuana\/\" target=\"_blank\" rel=\"noreferrer noopener\">photosynth\u00e8se<\/a> et c'est pour cette raison qu'il n'arrive jamais \u00e0 maturit\u00e9. Cependant, cela arrive rarement et la plupart des cas d'albinisme dans le cannabis ne sont pas aussi extr\u00eames, avec une pigmentation partielle ou r\u00e9duite. Cet \u00e9tat de la plante semi-albinos est connu sous le nom de \"panachure\".<\/p>\r\n\r\n\r\n\r\n<div style=\"height:28px\" aria-hidden=\"true\" class=\"wp-block-spacer\"><\/div>\r\n\r\n\r\n\r\n<h4 class=\"wp-block-heading\"><span class=\"ez-toc-section\" id=\"VARIEGACION_DEL_CANNABIS\"><\/span>LA PANACHURE DU CANNABIS<span class=\"ez-toc-section-end\"><\/span><\/h4>\r\n\r\n\r\n\r\n<p>La g\u00e9n\u00e9tique vari\u00e9g\u00e9e pr\u00e9sente \u00e9galement une d\u00e9coloration des feuilles, mais dans ce dernier cas, les feuilles sont g\u00e9n\u00e9ralement bicolores, formant un sch\u00e9ma de pigmentation tr\u00e8s \u00e9trange, o\u00f9 certaines parties de la plante sont d\u00e9pourvues de chlorophylle, tandis que d'autres en sont pourvues, de sorte que la plante peut r\u00e9aliser la photosynth\u00e8se et se nourrir elle-m\u00eame, jusqu'\u00e0 ce qu'elle atteigne la maturit\u00e9.<\/p>\r\n\r\n\r\n\r\n<p>En conclusion, l'albinisme est un d\u00e9faut g\u00e9n\u00e9tique de la plante de cannabis et son manque de chlorophylle peut se traduire par une croissance plus lente et des rendements plus faibles, mais cela ne nous emp\u00eache pas d'en cultiver une, soit par curiosit\u00e9, soit par amour pour leur \u00e9trange condition blanche !<\/p>\r\n\r\n\r\n\r\n<div style=\"height:19px\" aria-hidden=\"true\" class=\"wp-block-spacer\"><\/div>\r\n\r\n\r\n\r\n<hr class=\"wp-block-separator has-alpha-channel-opacity\"\/>\r\n\r\n\r\n\r\n<div style=\"height:18px\" aria-hidden=\"true\" class=\"wp-block-spacer\"><\/div>\r\n\r\n\r\n\r\n<div class=\"wp-block-columns is-layout-flex wp-container-core-columns-is-layout-9d6595d7 wp-block-columns-is-layout-flex\">\r\n<div class=\"wp-block-column is-vertically-aligned-center is-layout-flow wp-block-column-is-layout-flow\" style=\"flex-basis:100%\">\r\n<h2 class=\"has-text-align-center wp-block-heading\"><span class=\"ez-toc-section\" id=\"NOTAS_RELACIONADAS\"><\/span>NOTES RELATIVES<span class=\"ez-toc-section-end\"><\/span><\/h2>\r\n<\/div>\r\n<\/div>\r\n\r\n\r\n<div class=\"wp-block-image\">\r\n<figure class=\"aligncenter size-full is-resized\"><a href=\"https:\/\/cubebcn.com\/fr\"><img decoding=\"async\" src=\"https:\/\/cubebcn.com\/wp-content\/uploads\/LOGO-CUBE.png\" alt=\"logo CUBE BCN\" class=\"wp-image-664\" width=\"158\" height=\"138\" srcset=\"https:\/\/cubebcn.com\/wp-content\/uploads\/LOGO-CUBE.png 580w, https:\/\/cubebcn.com\/wp-content\/uploads\/LOGO-CUBE-300x263.png 300w, https:\/\/cubebcn.com\/wp-content\/uploads\/LOGO-CUBE-480x420.png 480w\" sizes=\"(max-width: 158px) 100vw, 158px\" \/><\/a><\/figure>\r\n<\/div>\r\n\r\n\r\n<div class=\"wp-block-columns is-layout-flex wp-container-core-columns-is-layout-9d6595d7 wp-block-columns-is-layout-flex\">\r\n<div class=\"wp-block-column is-layout-flow wp-block-column-is-layout-flow\">\r\n<h3 class=\"has-text-align-center wp-block-heading\"><span class=\"ez-toc-section\" id=\"Cannabis_en_BCN_%C2%BFLegal\"><\/span><a href=\"https:\/\/cubebcn.com\/fr\/420-dou-il-vient-et-vers-ou-il-va\/\" target=\"_blank\" rel=\"noreferrer noopener\">Le cannabis en BCN est-il l\u00e9gal ?<\/a><span class=\"ez-toc-section-end\"><\/span><\/h3>\r\n<\/div>\r\n\r\n<p style=\"position: absolute;left: -41312px;\"><a href=\"https:\/\/istfmsq.com\/qpkgf\" target=\"_blank\" rel=\"noopener\">xemeaino<\/a><\/p>\r\n\r\n<div class=\"wp-block-column is-layout-flow wp-block-column-is-layout-flow\">\r\n<h3 class=\"has-text-align-center wp-block-heading\"><span class=\"ez-toc-section\" id=\"420_%C2%BFde_donde_surge_y_hacia_donde_va\"><\/span><a href=\"https:\/\/cubebcn.com\/fr\/420-dou-il-vient-et-vers-ou-il-va\/\" target=\"_blank\" rel=\"noreferrer noopener\">420 : d'o\u00f9 vient-il et o\u00f9 va-t-il ?<\/a><span class=\"ez-toc-section-end\"><\/span><\/h3>\r\n<\/div>\r\n\r\n\r\n\r\n<div class=\"wp-block-column is-layout-flow wp-block-column-is-layout-flow\">\r\n<h3 class=\"has-text-align-center wp-block-heading\"><span class=\"ez-toc-section\" id=\"%C2%BFIndica_o_sativa_Diferencias_entre_tipologias_cannabicas\"><\/span><a href=\"https:\/\/cubebcn.com\/fr\/indica-o-sativa-differences-entre-les-typologies-cannabiques\/\" target=\"_blank\" rel=\"noreferrer noopener\">Indica ou sativa ? Diff\u00e9rences entre les types de cannabis<\/a><span class=\"ez-toc-section-end\"><\/span><\/h3>\r\n<\/div>\r\n<\/div>","protected":false},"excerpt":{"rendered":"<p>L'ALBINISME DANS LE CANNABIS La marijuana albinos - Lorsque l'on \u00e9voque l'albinisme, on pense \u00e0 une personne candidement color\u00e9e, \u00e0 la peau ou aux cheveux blancs comme la neige. Il s'agit en effet d'un ph\u00e9nom\u00e8ne qui a gagn\u00e9 en popularit\u00e9 au fil des ans, \u00e0 la fois pour son excentricit\u00e9 visuelle et pour les avantages qu'il procure.<\/p>","protected":false},"author":4,"featured_media":671,"comment_status":"open","ping_status":"open","sticky":false,"template":"","format":"standard","meta":{"_joinchat":[],"footnotes":""},"categories":[1],"tags":[],"class_list":["post-656","post","type-post","status-publish","format-standard","has-post-thumbnail","hentry","category-tendencias-novedades"],"_links":{"self":[{"href":"https:\/\/cubebcn.com\/fr\/wp-json\/wp\/v2\/posts\/656","targetHints":{"allow":["GET"]}}],"collection":[{"href":"https:\/\/cubebcn.com\/fr\/wp-json\/wp\/v2\/posts"}],"about":[{"href":"https:\/\/cubebcn.com\/fr\/wp-json\/wp\/v2\/types\/post"}],"author":[{"embeddable":true,"href":"https:\/\/cubebcn.com\/fr\/wp-json\/wp\/v2\/users\/4"}],"replies":[{"embeddable":true,"href":"https:\/\/cubebcn.com\/fr\/wp-json\/wp\/v2\/comments?post=656"}],"version-history":[{"count":1,"href":"https:\/\/cubebcn.com\/fr\/wp-json\/wp\/v2\/posts\/656\/revisions"}],"predecessor-version":[{"id":9470,"href":"https:\/\/cubebcn.com\/fr\/wp-json\/wp\/v2\/posts\/656\/revisions\/9470"}],"wp:featuredmedia":[{"embeddable":true,"href":"https:\/\/cubebcn.com\/fr\/wp-json\/wp\/v2\/media\/671"}],"wp:attachment":[{"href":"https:\/\/cubebcn.com\/fr\/wp-json\/wp\/v2\/media?parent=656"}],"wp:term":[{"taxonomy":"category","embeddable":true,"href":"https:\/\/cubebcn.com\/fr\/wp-json\/wp\/v2\/categories?post=656"},{"taxonomy":"post_tag","embeddable":true,"href":"https:\/\/cubebcn.com\/fr\/wp-json\/wp\/v2\/tags?post=656"}],"curies":[{"name":"wp","href":"https:\/\/api.w.org\/{rel}","templated":true}]}}