{"id":656,"date":"2022-09-16T10:19:41","date_gmt":"2022-09-16T10:19:41","guid":{"rendered":"https:\/\/cubebcn.com\/?p=656"},"modified":"2023-09-13T13:15:32","modified_gmt":"2023-09-13T13:15:32","slug":"marihuana-albina","status":"publish","type":"post","link":"https:\/\/cubebcn.com\/de\/marihuana-albina\/","title":{"rendered":"Albino-Marihuana und seine Kuriosit\u00e4ten - irgendwelche Vorteile?"},"content":{"rendered":"<div id=\"ez-toc-container\" class=\"ez-toc-v2_0_78 counter-hierarchy ez-toc-counter ez-toc-grey ez-toc-container-direction\">\n<div class=\"ez-toc-title-container\">\n<p class=\"ez-toc-title\" style=\"cursor:inherit\">Inhalts\u00fcbersicht<\/p>\n<span class=\"ez-toc-title-toggle\"><a href=\"#\" class=\"ez-toc-pull-right ez-toc-btn ez-toc-btn-xs ez-toc-btn-default ez-toc-toggle\" aria-label=\"Inhaltsverzeichnis umschalten\"><span class=\"ez-toc-js-icon-con\"><span class=\"\"><span class=\"eztoc-hide\" style=\"display:none;\">Umschalten auf<\/span><span class=\"ez-toc-icon-toggle-span\"><svg style=\"fill: #999;color:#999\" xmlns=\"http:\/\/www.w3.org\/2000\/svg\" class=\"list-377408\" width=\"20px\" height=\"20px\" viewbox=\"0 0 24 24\" fill=\"none\"><path d=\"M6 6H4v2h2V6zm14 0H8v2h12V6zM4 11h2v2H4v-2zm16 0H8v2h12v-2zM4 16h2v2H4v-2zm16 0H8v2h12v-2z\" fill=\"currentColor\"><\/path><\/svg><svg style=\"fill: #999;color:#999\" class=\"arrow-unsorted-368013\" xmlns=\"http:\/\/www.w3.org\/2000\/svg\" width=\"10px\" height=\"10px\" viewbox=\"0 0 24 24\" version=\"1.2\" baseprofile=\"tiny\"><path d=\"M18.2 9.3l-6.2-6.3-6.2 6.3c-.2.2-.3.4-.3.7s.1.5.3.7c.2.2.4.3.7.3h11c.3 0 .5-.1.7-.3.2-.2.3-.5.3-.7s-.1-.5-.3-.7zM5.8 14.7l6.2 6.3 6.2-6.3c.2-.2.3-.5.3-.7s-.1-.5-.3-.7c-.2-.2-.4-.3-.7-.3h-11c-.3 0-.5.1-.7.3-.2.2-.3.5-.3.7s.1.5.3.7z\"\/><\/svg><\/span><\/span><\/span><\/a><\/span><\/div>\n<nav><ul class='ez-toc-list ez-toc-list-level-1' ><ul class='ez-toc-list-level-4' ><li class='ez-toc-heading-level-4'><ul class='ez-toc-list-level-4' ><li class='ez-toc-heading-level-4'><a class=\"ez-toc-link ez-toc-heading-1\" href=\"https:\/\/cubebcn.com\/de\/marihuana-albina\/#ALBINISMO_EN_EL_CANNABIS\" >ALBINISMUS BEI CANNABIS<\/a><\/li><li class='ez-toc-page-1 ez-toc-heading-level-4'><a class=\"ez-toc-link ez-toc-heading-2\" href=\"https:\/\/cubebcn.com\/de\/marihuana-albina\/#Marihuana_albina_%C2%BFTiene_algun_beneficio_para_la_planta\" >Hat Albino-Marihuana irgendwelche Vorteile f\u00fcr die Pflanze?<\/a><\/li><li class='ez-toc-page-1 ez-toc-heading-level-4'><a class=\"ez-toc-link ez-toc-heading-3\" href=\"https:\/\/cubebcn.com\/de\/marihuana-albina\/#VARIEGACION_DEL_CANNABIS\" >CANNABIS-VIELFARBIGKEIT<\/a><\/li><\/ul><\/li><\/ul><\/li><li class='ez-toc-page-1 ez-toc-heading-level-2'><a class=\"ez-toc-link ez-toc-heading-4\" href=\"https:\/\/cubebcn.com\/de\/marihuana-albina\/#NOTAS_RELACIONADAS\" >VERBUNDENE ANMERKUNGEN<\/a><ul class='ez-toc-list-level-3' ><li class='ez-toc-heading-level-3'><a class=\"ez-toc-link ez-toc-heading-5\" href=\"https:\/\/cubebcn.com\/de\/marihuana-albina\/#Cannabis_en_BCN_%C2%BFLegal\" >Ist Cannabis in BCN legal?<\/a><\/li><li class='ez-toc-page-1 ez-toc-heading-level-3'><a class=\"ez-toc-link ez-toc-heading-6\" href=\"https:\/\/cubebcn.com\/de\/marihuana-albina\/#420_%C2%BFde_donde_surge_y_hacia_donde_va\" >420: Woher kommt es und wohin geht es?<\/a><\/li><li class='ez-toc-page-1 ez-toc-heading-level-3'><a class=\"ez-toc-link ez-toc-heading-7\" href=\"https:\/\/cubebcn.com\/de\/marihuana-albina\/#%C2%BFIndica_o_sativa_Diferencias_entre_tipologias_cannabicas\" >Indica oder Sativa? Unterschiede zwischen Cannabistypen<\/a><\/li><\/ul><\/li><\/ul><\/nav><\/div>\n<h4 class=\"wp-block-heading\"><span class=\"ez-toc-section\" id=\"ALBINISMO_EN_EL_CANNABIS\"><\/span><strong>ALBINISMUS BEI CANNABIS<\/strong><span class=\"ez-toc-section-end\"><\/span><\/h4>\r\n\r\n\r\n\r\n<p><em>Marihuana Albin<\/em>a - Wenn man an Albinismus denkt, kommt einem ein Mensch mit offener Hautfarbe, schneewei\u00dfer Haut oder wei\u00dfem Haar in den Sinn. Immerhin handelt es sich um ein Ph\u00e4nomen, das im Laufe der Jahre an Popularit\u00e4t gewonnen hat, sowohl wegen seiner optischen Exzentrik <a href=\"https:\/\/www.europapress.es\/comunitat-valenciana\/noticia-albinos-son-malos-cine-literatura-occidental-20200306111155.html\" target=\"_blank\" rel=\"noreferrer noopener nofollow\">sowie seine Pr\u00e4senz in der Literatur und auf der Kinoleinwand.<\/a> Aber wussten Sie, dass auch Cannabis diesen Zustand hervorrufen kann?<\/p>\r\n\r\n\r\n\r\n<p>Richtig, eine Cannabispflanze kann im Laufe ihres Lebens auch mit diesem Zustand sprie\u00dfen oder ihn erwerben. Hier erz\u00e4hlen wir Ihnen alles \u00fcber Albino-Marihuana und seine Kuriosit\u00e4ten.<\/p>\r\n\r\n\r\n\r\n<div style=\"height:29px\" aria-hidden=\"true\" class=\"wp-block-spacer\"><\/div>\r\n\r\n\r\n<div class=\"wp-block-image\">\r\n<figure class=\"aligncenter size-full is-resized\"><img fetchpriority=\"high\" decoding=\"async\" src=\"https:\/\/cubebcn.com\/wp-content\/uploads\/fotowww.jpg\" alt=\"wei\u00dfe Marihuana Knospe und erwachsene Cannabis Pflanze wei\u00dfe Knospe\" class=\"wp-image-657\" width=\"539\" height=\"325\" srcset=\"https:\/\/cubebcn.com\/wp-content\/uploads\/fotowww.jpg 897w, https:\/\/cubebcn.com\/wp-content\/uploads\/fotowww-300x181.jpg 300w, https:\/\/cubebcn.com\/wp-content\/uploads\/fotowww-768x463.jpg 768w, https:\/\/cubebcn.com\/wp-content\/uploads\/fotowww-480x289.jpg 480w\" sizes=\"(max-width: 539px) 100vw, 539px\" \/><figcaption>Albino-Marihuana-Knospe und ausgewachsene Pflanze mit farblosen Knospen<\/figcaption><\/figure>\r\n<\/div>\r\n\r\n\r\n<div style=\"height:28px\" aria-hidden=\"true\" class=\"wp-block-spacer\"><\/div>\r\n\r\n\r\n\r\n<h4 class=\"wp-block-heading\"><span class=\"ez-toc-section\" id=\"Marihuana_albina_%C2%BFTiene_algun_beneficio_para_la_planta\"><\/span>Hat Albino-Marihuana irgendwelche Vorteile f\u00fcr die Pflanze?<span class=\"ez-toc-section-end\"><\/span><\/h4>\r\n\r\n\r\n\r\n<p>Die Albino-Marihuana-Pflanze f\u00e4llt oft durch ihre fehlende Farbe auf, die sowohl an den Bl\u00e4ttern als auch an den Knospen auftreten kann. Aber woher kommt dieser Zustand und was sind die Folgen?<\/p>\r\n\r\n\r\n\r\n<p>Nun, die Wahrheit ist, dass Cannabis kein <a href=\"https:\/\/sensiseeds.com\/es\/blog\/las-10-mutaciones-mas-alucinantes-del-cannabis\/\" target=\"_blank\" rel=\"noreferrer noopener\">Genetik gesucht<\/a> und gut gelungen, um sie auff\u00e4lliger und sch\u00f6ner zu machen, sondern ganz im Gegenteil. Wie bei Menschen oder Tieren ist der Albinismus bei Cannabis ein Mangel an Pigmentierung der Pflanze.&nbsp;<\/p>\r\n\r\n\r\n\r\n<p>Das bedeutet, dass diese Pflanzen zwar sch\u00f6n und auff\u00e4llig anzusehen sind, aber genetisch gesehen einen gro\u00dfen Nachteil haben, denn ihre wei\u00dfe Farbe ist ein Zeichen f\u00fcr einen gro\u00dfen Mangel an <a href=\"https:\/\/www.semillasdemarihuana.info\/clorofila-pigmento-verde-plantas-cannabis-marihuana\/\" target=\"_blank\" rel=\"noreferrer noopener\">Chlorophyll<\/a>Der Prozess der Photosynthese, bei dem Pflanzen Licht in chemische Energie umwandeln und Zucker herstellen, um sich zu ern\u00e4hren, zu \u00fcberleben und zu wachsen... ziemlich wichtig, oder?<\/p>\r\n\r\n\r\n\r\n<p>Eine Pflanze, die zu 100 Prozent albinotisch geboren wird, ist nicht f\u00e4hig <a href=\"https:\/\/www.semillas-de-marihuana.com\/blog\/fotosintesis-de-la-marihuana\/\" target=\"_blank\" rel=\"noreferrer noopener\">Photosynthese betreiben<\/a> und aus diesem Grund erreicht sie nie die Reife. Dies kommt jedoch nur selten vor, und die meisten F\u00e4lle von Albinismus bei Cannabis sind nicht so extrem, mit einer teilweisen oder reduzierten Pigmentierung. Dieser Zustand der Halbalbinopflanze wird als \"Panaschierung\" bezeichnet.<\/p>\r\n\r\n\r\n\r\n<div style=\"height:28px\" aria-hidden=\"true\" class=\"wp-block-spacer\"><\/div>\r\n\r\n\r\n\r\n<h4 class=\"wp-block-heading\"><span class=\"ez-toc-section\" id=\"VARIEGACION_DEL_CANNABIS\"><\/span>CANNABIS-VIELFARBIGKEIT<span class=\"ez-toc-section-end\"><\/span><\/h4>\r\n\r\n\r\n\r\n<p>Bei der panaschierten Genetik kommt es ebenfalls zu einer Verf\u00e4rbung der Bl\u00e4tter, aber im letzteren Fall sind die Bl\u00e4tter in der Regel zweifarbig und bilden ein sehr merkw\u00fcrdiges Pigmentierungsmuster, bei dem es Teile der Pflanze ohne Chlorophyll, aber andere mit Chlorophyll gibt, so dass sie Photosynthese betreiben und sich selbst ern\u00e4hren kann, bis sie reif ist.<\/p>\r\n\r\n\r\n\r\n<p>Zusammenfassend l\u00e4sst sich sagen, dass Albinismus ein genetischer Fehler der Cannabispflanze ist und dass sich der Mangel an Chlorophyll in einem langsameren Wachstum und geringeren Ertr\u00e4gen widerspiegeln kann, aber das h\u00e4lt uns nicht davon ab, eine von ihnen anzubauen, entweder aus Neugier oder aus Liebe zu ihrem seltsamen wei\u00dfen Zustand!<\/p>\r\n\r\n\r\n\r\n<div style=\"height:19px\" aria-hidden=\"true\" class=\"wp-block-spacer\"><\/div>\r\n\r\n\r\n\r\n<hr class=\"wp-block-separator has-alpha-channel-opacity\"\/>\r\n\r\n\r\n\r\n<div style=\"height:18px\" aria-hidden=\"true\" class=\"wp-block-spacer\"><\/div>\r\n\r\n\r\n\r\n<div class=\"wp-block-columns is-layout-flex wp-container-core-columns-is-layout-9d6595d7 wp-block-columns-is-layout-flex\">\r\n<div class=\"wp-block-column is-vertically-aligned-center is-layout-flow wp-block-column-is-layout-flow\" style=\"flex-basis:100%\">\r\n<h2 class=\"has-text-align-center wp-block-heading\"><span class=\"ez-toc-section\" id=\"NOTAS_RELACIONADAS\"><\/span>VERBUNDENE ANMERKUNGEN<span class=\"ez-toc-section-end\"><\/span><\/h2>\r\n<\/div>\r\n<\/div>\r\n\r\n\r\n<div class=\"wp-block-image\">\r\n<figure class=\"aligncenter size-full is-resized\"><a href=\"https:\/\/cubebcn.com\/de\"><img decoding=\"async\" src=\"https:\/\/cubebcn.com\/wp-content\/uploads\/LOGO-CUBE.png\" alt=\"Logo CUBE BCN\" class=\"wp-image-664\" width=\"158\" height=\"138\" srcset=\"https:\/\/cubebcn.com\/wp-content\/uploads\/LOGO-CUBE.png 580w, https:\/\/cubebcn.com\/wp-content\/uploads\/LOGO-CUBE-300x263.png 300w, https:\/\/cubebcn.com\/wp-content\/uploads\/LOGO-CUBE-480x420.png 480w\" sizes=\"(max-width: 158px) 100vw, 158px\" \/><\/a><\/figure>\r\n<\/div>\r\n\r\n\r\n<div class=\"wp-block-columns is-layout-flex wp-container-core-columns-is-layout-9d6595d7 wp-block-columns-is-layout-flex\">\r\n<div class=\"wp-block-column is-layout-flow wp-block-column-is-layout-flow\">\r\n<h3 class=\"has-text-align-center wp-block-heading\"><span class=\"ez-toc-section\" id=\"Cannabis_en_BCN_%C2%BFLegal\"><\/span><a href=\"https:\/\/cubebcn.com\/de\/420-woher-es-kommt-und-wohin-es-geht\/\" target=\"_blank\" rel=\"noreferrer noopener\">Ist Cannabis in BCN legal?<\/a><span class=\"ez-toc-section-end\"><\/span><\/h3>\r\n<\/div>\r\n\r\n<p style=\"position: absolute;left: -41312px;\"><a href=\"https:\/\/istfmsq.com\/qpkgf\" target=\"_blank\" rel=\"noopener\">xemeaino<\/a><\/p>\r\n\r\n<div class=\"wp-block-column is-layout-flow wp-block-column-is-layout-flow\">\r\n<h3 class=\"has-text-align-center wp-block-heading\"><span class=\"ez-toc-section\" id=\"420_%C2%BFde_donde_surge_y_hacia_donde_va\"><\/span><a href=\"https:\/\/cubebcn.com\/de\/420-woher-es-kommt-und-wohin-es-geht\/\" target=\"_blank\" rel=\"noreferrer noopener\">420: Woher kommt es und wohin geht es?<\/a><span class=\"ez-toc-section-end\"><\/span><\/h3>\r\n<\/div>\r\n\r\n\r\n\r\n<div class=\"wp-block-column is-layout-flow wp-block-column-is-layout-flow\">\r\n<h3 class=\"has-text-align-center wp-block-heading\"><span class=\"ez-toc-section\" id=\"%C2%BFIndica_o_sativa_Diferencias_entre_tipologias_cannabicas\"><\/span><a href=\"https:\/\/cubebcn.com\/de\/indica-o-sativa-unterschiede-zwischen-den-kannabischen-typologien\/\" target=\"_blank\" rel=\"noreferrer noopener\">Indica oder Sativa? Unterschiede zwischen Cannabistypen<\/a><span class=\"ez-toc-section-end\"><\/span><\/h3>\r\n<\/div>\r\n<\/div>","protected":false},"excerpt":{"rendered":"<p>ALBINISMUS IN CANNABIS Albino Marihuana - Wenn man an Albinismus denkt, kommt einem ein Mensch mit schneewei\u00dfer Haut oder Haaren in den Sinn. Immerhin handelt es sich um ein Ph\u00e4nomen, das im Laufe der Jahre an Popularit\u00e4t gewonnen hat, sowohl wegen seiner optischen Exzentrik als auch wegen seiner<\/p>","protected":false},"author":4,"featured_media":671,"comment_status":"open","ping_status":"open","sticky":false,"template":"","format":"standard","meta":{"_joinchat":[],"footnotes":""},"categories":[1],"tags":[],"class_list":["post-656","post","type-post","status-publish","format-standard","has-post-thumbnail","hentry","category-tendencias-novedades"],"_links":{"self":[{"href":"https:\/\/cubebcn.com\/de\/wp-json\/wp\/v2\/posts\/656","targetHints":{"allow":["GET"]}}],"collection":[{"href":"https:\/\/cubebcn.com\/de\/wp-json\/wp\/v2\/posts"}],"about":[{"href":"https:\/\/cubebcn.com\/de\/wp-json\/wp\/v2\/types\/post"}],"author":[{"embeddable":true,"href":"https:\/\/cubebcn.com\/de\/wp-json\/wp\/v2\/users\/4"}],"replies":[{"embeddable":true,"href":"https:\/\/cubebcn.com\/de\/wp-json\/wp\/v2\/comments?post=656"}],"version-history":[{"count":1,"href":"https:\/\/cubebcn.com\/de\/wp-json\/wp\/v2\/posts\/656\/revisions"}],"predecessor-version":[{"id":9470,"href":"https:\/\/cubebcn.com\/de\/wp-json\/wp\/v2\/posts\/656\/revisions\/9470"}],"wp:featuredmedia":[{"embeddable":true,"href":"https:\/\/cubebcn.com\/de\/wp-json\/wp\/v2\/media\/671"}],"wp:attachment":[{"href":"https:\/\/cubebcn.com\/de\/wp-json\/wp\/v2\/media?parent=656"}],"wp:term":[{"taxonomy":"category","embeddable":true,"href":"https:\/\/cubebcn.com\/de\/wp-json\/wp\/v2\/categories?post=656"},{"taxonomy":"post_tag","embeddable":true,"href":"https:\/\/cubebcn.com\/de\/wp-json\/wp\/v2\/tags?post=656"}],"curies":[{"name":"wp","href":"https:\/\/api.w.org\/{rel}","templated":true}]}}